{"id":980,"date":"2011-11-04T21:00:03","date_gmt":"2011-11-04T20:00:03","guid":{"rendered":"http:\/\/www.fotolabsie.de\/?p=980"},"modified":"2016-03-01T20:47:39","modified_gmt":"2016-03-01T19:47:39","slug":"fotostudio-umbau","status":"publish","type":"post","link":"http:\/\/www.fotolabsie.de\/?p=980","title":{"rendered":"Fotostudio &#8211; Umbau"},"content":{"rendered":"<p style=\"text-align: justify;\">Da ich nun endlich mein eigenes Fotostudio habe sind nat\u00fcrlich noch einige Sachen zu erledigen.\u00a0 Zur Verf\u00fcgung habe ich einen Umkleide-\/ Schminkraum, B\u00fcroraum, Bad mit Dusche und Badewanne, K\u00fcche mit Sitzecke und logischerweise einen Shootingraum. <!--more-->Der Umkleideraum bekommt einen Schminktisch mit Spiegel und Beleuchtung, damit ihr euch dort professionell schminken k\u00f6nnt.\u00a0 Im Aufenthaltsraum f\u00fcr eventuelle Begleiter fehlen noch ein paar Sitzgelegenheiten. Im Shootingraum fehlen noch ein paar Regale um der leichten Unordnung Herr zu werden. Au\u00dferdem ist noch eine Hohlkehle in Planung.<br \/>\nDas Studio ist aber soweit schon Einsatzbereit.<\/p>\n<p style=\"text-align: justify;\">Update [05.10.2011]<br \/>\nDer Schminktisch ist jetzt aufgebaut, die elektrischen Teile f\u00fcr den beleuchteten Schminkspiegel sind bestellt. Fehlt nur noch die Holzplatte auf der der Spiegel aufgeklebt wird. Ich hoffe die Visas freuen sich dar\u00fcber.<\/p>\n<p style=\"text-align: justify;\">Update [24.10.2011]<br \/>\nPlanungsphase f\u00fcr das Deckenschienensystem Marke &#8222;Eigenbau&#8220; ist beendet und kann montiert werden. Wenn das erstmal fertig ist gibts endlich mal Licht von oben.<\/p>\n<p style=\"text-align: justify;\">Update [29.10.2011]<br \/>\nDeckenschienensystem wurde montiert und h\u00e4lt jetzt bombenfest an der Studiodecke. Wie gut das es Balkenfinder gibt, sonst w\u00e4re es eine lange Suche geworden die Schrauben ordentlich fest zu bekommen. Nach dem nun alles dran ist konnte ich mich um den Trag-\/Gelenkarm k\u00fcmmern. Nach der Montage war gleich klar ein Gelenk und eine Strebe kann raus. Somit wurde der Tragarm um die H\u00e4lfte gek\u00fcrzt. Dann noch schnell den Blitzkopf montiert und die Softbox rangeschraubt und verdammt nochmal festgestellt das alles so ist wie es sein sollte.<\/p>\n<p style=\"text-align: justify;\">Update [30.10.2011]<br \/>\nErster Test beim Fotoshooting! Leider hat der Blitzkopf nur eine knappe Stunde durchgehalten, dann gab es sporadische Ausl\u00f6seprobleme. Meine Vermutung ist: \u00dcbertemperatur. Da die Softbox nach unten zeigt, zieht die W\u00e4rme vom Einstelllicht nach Oben durch das Blitzkopfgeh\u00e4use. Fehler wurde gefunden \ud83d\ude42 Das Kabel vom Funkausl\u00f6ser hatte einen Kabelbruch, wenn der Blitzkopf normal auf einem Stativ verweilt ist alles Ok. Wenn man aber den Blitzkopf umgedreht montiert h\u00e4ngt das Ausl\u00f6sekabel anders und wird hochohmig. Kabel gek\u00fcrzt und neuen Stecker angel\u00f6tet, alles gut.<\/p>\n<p style=\"text-align: justify;\">Update [03.11.2011]<br \/>\nKlemmvorrichtung f\u00fcr den Gelenkarm wurde verbessert, da der Blitzkopf bei voller Auslage mit einer 90 x 60 cm Softbox ab und zu leicht absackt. Ein Knebelgriff erh\u00f6ht die Klemmkraft beim festspannen. Ebenfalls wurde zur Absturzsicherung eine Kette eingebaut, die die Softbox und Blitzkopf an der Deckenschiene sichert.<\/p>\n<p style=\"text-align: justify;\">Update [04.11.2011]<br \/>\nPlanung Kabelhalterung, damit das Stromkabel beim Verschieben des Blitzes auf der Schiene sauber gef\u00fchrt wird. Die L\u00f6sung mit den Schrauben in der Nut erwies sich als unpraktikabel, da diese sich beim Verschieben st\u00e4ndig verkanten. Also raus mit den Schrauben und gut.\u00a0 L\u00f6sung steht noch aus.<\/p>\n<p style=\"text-align: justify;\">Update [22.02.2012]<br \/>\nSo nach ein paar Shootings mit der neuen Kamera gehen die Planungen weiter. Die Idee war ja eigentlich eine Hohlkehle zu bauen, die man mit von Hinten angebrachten Papierrollen bespannen kann. Die Idee wurde aber nach reichlicher \u00dcberlegung verworfen, da das Hintergrundpapier im abgerollten Zustand eigentlich schon ziemlich gut f\u00e4llt und schon eine kleine Hohlkehle bildet. Au\u00dferdem war der Konstruktionsaufwand zu viel, da die Hohlkehle freistehend sein sollte. Als Alternative ist nun was absolut geniales \u00fcberlegt worden \ud83d\ude09 &#8230;<\/p>\n","protected":false},"excerpt":{"rendered":"<p>Da ich nun endlich mein eigenes Fotostudio habe sind nat\u00fcrlich noch einige Sachen zu erledigen.\u00a0 Zur Verf\u00fcgung habe ich einen Umkleide-\/ Schminkraum, B\u00fcroraum, Bad mit Dusche und Badewanne, K\u00fcche mit Sitzecke und logischerweise einen Shootingraum&#8230;. <\/p>\n<div class=\"read-more navbutton\"><a href=\"http:\/\/www.fotolabsie.de\/?p=980\">Read More<i class=\"fa fa-angle-double-right\"><\/i><\/a><\/div>\n","protected":false},"author":1,"featured_media":0,"comment_status":"open","ping_status":"open","sticky":false,"template":"","format":"standard","meta":[],"categories":[1,7],"tags":[],"_links":{"self":[{"href":"http:\/\/www.fotolabsie.de\/index.php?rest_route=\/wp\/v2\/posts\/980"}],"collection":[{"href":"http:\/\/www.fotolabsie.de\/index.php?rest_route=\/wp\/v2\/posts"}],"about":[{"href":"http:\/\/www.fotolabsie.de\/index.php?rest_route=\/wp\/v2\/types\/post"}],"author":[{"embeddable":true,"href":"http:\/\/www.fotolabsie.de\/index.php?rest_route=\/wp\/v2\/users\/1"}],"replies":[{"embeddable":true,"href":"http:\/\/www.fotolabsie.de\/index.php?rest_route=%2Fwp%2Fv2%2Fcomments&post=980"}],"version-history":[{"count":11,"href":"http:\/\/www.fotolabsie.de\/index.php?rest_route=\/wp\/v2\/posts\/980\/revisions"}],"predecessor-version":[{"id":2051,"href":"http:\/\/www.fotolabsie.de\/index.php?rest_route=\/wp\/v2\/posts\/980\/revisions\/2051"}],"wp:attachment":[{"href":"http:\/\/www.fotolabsie.de\/index.php?rest_route=%2Fwp%2Fv2%2Fmedia&parent=980"}],"wp:term":[{"taxonomy":"category","embeddable":true,"href":"http:\/\/www.fotolabsie.de\/index.php?rest_route=%2Fwp%2Fv2%2Fcategories&post=980"},{"taxonomy":"post_tag","embeddable":true,"href":"http:\/\/www.fotolabsie.de\/index.php?rest_route=%2Fwp%2Fv2%2Ftags&post=980"}],"curies":[{"name":"wp","href":"https:\/\/api.w.org\/{rel}","templated":true}]}}